{"id":775,"date":"2017-07-20T21:30:08","date_gmt":"2017-07-20T19:30:08","guid":{"rendered":"https:\/\/patschenpicker.wordpress.com\/?p=775"},"modified":"2017-07-20T21:30:08","modified_gmt":"2017-07-20T19:30:08","slug":"freitag-und-tag-13-22","status":"publish","type":"post","link":"https:\/\/www.patschenpicker.com\/?p=775","title":{"rendered":"Freitag und Tag 13 (22)"},"content":{"rendered":"<p>Guten Morgen!&nbsp;<\/p>\n<p><a href=\"https:\/\/localhost\/rinner\/wp-content\/uploads\/2017\/07\/20170720_215347.jpg\" rel=\"lightbox[775]\"><img loading=\"lazy\" decoding=\"async\" src=\"https:\/\/localhost\/rinner\/wp-content\/uploads\/2017\/07\/20170720_215347.jpg\" alt=\"\" class=\"wp-image-777 alignnone size-full\" width=\"4128\" height=\"3096\"><\/a>Ja also als freundlicher Radler gr\u00fc\u00df ich die anderen Radler nat\u00fcrlich &#8211; gr\u00fcssen eh alle zur\u00fcck, manch eifrige gr\u00fcssen sogar schon vor mir &#8211; gibt&#8217;s auch. Gr\u00fcssen tun alle! Ich halt meist mit: &#8222;Griass euch&#8220;, oder &#8222;griass di&#8220;, manchmal schlicht &#8222;servas&#8220;. An der Reaktion merkt man dann halt schon die Herkunft auch. Also gestern die zwei mit Tirol Aufkleber an den Lenkertaschen haben schon sch\u00f6n gschaut. Aber nix gegen den Wiener neben seinem VW Bus als ich im Vorbeirauschen &#8222;Grias di&#8220; zugerufen habe. Das war a Gsicht &#8211; cool. Ja auch das sind meine Freuden beim Radeln in Norwegen!<\/p>\n<p>Hab da ein Bild um 0:00 Uhr gemacht:<\/p>\n<p><a href=\"https:\/\/localhost\/rinner\/wp-content\/uploads\/2017\/07\/20170720_234101.jpg\" rel=\"lightbox[775]\"><img loading=\"lazy\" decoding=\"async\" src=\"https:\/\/localhost\/rinner\/wp-content\/uploads\/2017\/07\/20170720_234101.jpg\" alt=\"\" class=\"wp-image-778 alignnone size-full\" width=\"4128\" height=\"3096\"><\/a>Auf geht&#8217;s!<\/p>\n<p><a href=\"https:\/\/localhost\/rinner\/wp-content\/uploads\/2017\/07\/20170721_085521.jpg\" rel=\"lightbox[775]\"><img loading=\"lazy\" decoding=\"async\" src=\"https:\/\/localhost\/rinner\/wp-content\/uploads\/2017\/07\/20170721_085521.jpg\" alt=\"\" class=\"wp-image-780 alignnone size-full\" width=\"4128\" height=\"3096\"><\/a><a href=\"https:\/\/localhost\/rinner\/wp-content\/uploads\/2017\/07\/20170721_090354.jpg\" rel=\"lightbox[775]\"><img loading=\"lazy\" decoding=\"async\" src=\"https:\/\/localhost\/rinner\/wp-content\/uploads\/2017\/07\/20170721_090354.jpg\" alt=\"\" class=\"wp-image-781 alignnone size-full\" width=\"4128\" height=\"3096\"><\/a>A gibt&#8217;s wirklich.&nbsp;<\/p>\n<p>Verflucht! Upsi &#8211; sollte nasowas hei\u00dfen:<\/p>\n<p><a href=\"https:\/\/localhost\/rinner\/wp-content\/uploads\/2017\/07\/20170721_101254.jpg\" rel=\"lightbox[775]\"><img loading=\"lazy\" decoding=\"async\" src=\"https:\/\/localhost\/rinner\/wp-content\/uploads\/2017\/07\/20170721_101254.jpg\" alt=\"\" class=\"wp-image-784 alignnone size-full\" width=\"3096\" height=\"4128\"><\/a>&nbsp;Ich fahr am Hinterreifen voll am Gewebe. Werde ich in den n\u00e4chsten Tagen tauschen m\u00fcssen.<\/p>\n<p>Sch\u00f6n wieder Kultur.&nbsp;<\/p>\n<p><a href=\"https:\/\/localhost\/rinner\/wp-content\/uploads\/2017\/07\/20170721_094052.jpg\" rel=\"lightbox[775]\"><img loading=\"lazy\" decoding=\"async\" src=\"https:\/\/localhost\/rinner\/wp-content\/uploads\/2017\/07\/20170721_094052.jpg\" alt=\"\" class=\"wp-image-786 alignnone size-full\" width=\"4128\" height=\"3096\"><\/a><a href=\"https:\/\/localhost\/rinner\/wp-content\/uploads\/2017\/07\/20170721_102331.jpg\" rel=\"lightbox[775]\"><img loading=\"lazy\" decoding=\"async\" src=\"https:\/\/localhost\/rinner\/wp-content\/uploads\/2017\/07\/20170721_102331.jpg\" alt=\"\" class=\"wp-image-787 alignnone size-full\" width=\"3096\" height=\"4128\"><\/a>Hallo Nicki &#8211; ich fahr auf der Kong (King?) Olav Strasse!<\/p>\n<p><a href=\"https:\/\/localhost\/rinner\/wp-content\/uploads\/2017\/07\/20170721_102910.jpg\" rel=\"lightbox[775]\"><img loading=\"lazy\" decoding=\"async\" src=\"https:\/\/localhost\/rinner\/wp-content\/uploads\/2017\/07\/20170721_102910.jpg\" alt=\"\" class=\"wp-image-788 alignnone size-full\" width=\"4128\" height=\"3096\"><\/a>Mein bester Freund zur Zeit!&nbsp;<\/p>\n<p>Gezeitenstrom:<\/p>\n<p><a href=\"https:\/\/localhost\/rinner\/wp-content\/uploads\/2017\/07\/20170721_103608.jpg\" rel=\"lightbox[775]\"><img loading=\"lazy\" decoding=\"async\" src=\"https:\/\/localhost\/rinner\/wp-content\/uploads\/2017\/07\/20170721_103608.jpg\" alt=\"\" class=\"wp-image-789 alignnone size-full\" width=\"4128\" height=\"3096\"><\/a><\/p>\n<p><a href=\"https:\/\/localhost\/rinner\/wp-content\/uploads\/2017\/07\/20170721_104504.jpg\" rel=\"lightbox[775]\"><img loading=\"lazy\" decoding=\"async\" src=\"https:\/\/localhost\/rinner\/wp-content\/uploads\/2017\/07\/20170721_104504.jpg\" alt=\"\" class=\"wp-image-790 alignnone size-full\" width=\"4128\" height=\"3096\"><\/a><\/p>\n<p><a href=\"https:\/\/localhost\/rinner\/wp-content\/uploads\/2017\/07\/20170721_104519.jpg\" rel=\"lightbox[775]\"><img loading=\"lazy\" decoding=\"async\" src=\"https:\/\/localhost\/rinner\/wp-content\/uploads\/2017\/07\/20170721_104519.jpg\" alt=\"\" class=\"wp-image-791 alignnone size-full\" width=\"3264\" height=\"2448\"><\/a><\/p>\n<p><a href=\"https:\/\/localhost\/rinner\/wp-content\/uploads\/2017\/07\/20170721_110255.jpg\" rel=\"lightbox[775]\"><img loading=\"lazy\" decoding=\"async\" src=\"https:\/\/localhost\/rinner\/wp-content\/uploads\/2017\/07\/20170721_110255.jpg\" alt=\"\" class=\"wp-image-792 alignnone size-full\" width=\"4128\" height=\"3096\"><\/a>Auf solche Autos stehen sie hier! Schon seit Schweden.&nbsp;<\/p>\n<p><a href=\"https:\/\/localhost\/rinner\/wp-content\/uploads\/2017\/07\/20170721_111929.jpg\" rel=\"lightbox[775]\"><img loading=\"lazy\" decoding=\"async\" src=\"https:\/\/localhost\/rinner\/wp-content\/uploads\/2017\/07\/20170721_111929.jpg\" alt=\"\" class=\"wp-image-793 alignnone size-full\" width=\"4128\" height=\"3096\"><\/a><\/p>\n<p><a href=\"https:\/\/localhost\/rinner\/wp-content\/uploads\/2017\/07\/20170721_113911.jpg\" rel=\"lightbox[775]\"><img loading=\"lazy\" decoding=\"async\" src=\"https:\/\/localhost\/rinner\/wp-content\/uploads\/2017\/07\/20170721_113911.jpg\" alt=\"\" class=\"wp-image-794 alignnone size-full\" width=\"3264\" height=\"2448\"><\/a>Beim Kuscheln!<\/p>\n<p><a href=\"https:\/\/localhost\/rinner\/wp-content\/uploads\/2017\/07\/20170721_114010.jpg\" rel=\"lightbox[775]\"><img loading=\"lazy\" decoding=\"async\" src=\"https:\/\/localhost\/rinner\/wp-content\/uploads\/2017\/07\/20170721_114010.jpg\" alt=\"\" class=\"wp-image-795 alignnone size-full\" width=\"3264\" height=\"2448\"><\/a><\/p>\n<p><a href=\"https:\/\/localhost\/rinner\/wp-content\/uploads\/2017\/07\/20170721_115743.jpg\" rel=\"lightbox[775]\"><img loading=\"lazy\" decoding=\"async\" src=\"https:\/\/localhost\/rinner\/wp-content\/uploads\/2017\/07\/20170721_115743.jpg\" alt=\"\" class=\"wp-image-796 alignnone size-full\" width=\"4128\" height=\"3096\"><\/a>Gerade noch die F\u00e4hre erreicht &#8211; mit WLAN!<\/p>\n<p>Noch Bilder von gestern:<\/p>\n<p><a href=\"https:\/\/localhost\/rinner\/wp-content\/uploads\/2017\/07\/20170721_075003.jpg\" rel=\"lightbox[775]\"><img loading=\"lazy\" decoding=\"async\" src=\"https:\/\/localhost\/rinner\/wp-content\/uploads\/2017\/07\/20170721_075003.jpg\" alt=\"\" class=\"wp-image-799 alignnone size-full\" width=\"4128\" height=\"3096\"><\/a><\/p>\n<p><a href=\"https:\/\/localhost\/rinner\/wp-content\/uploads\/2017\/07\/20170720_190309.jpg\" rel=\"lightbox[775]\"><img loading=\"lazy\" decoding=\"async\" src=\"https:\/\/localhost\/rinner\/wp-content\/uploads\/2017\/07\/20170720_190309.jpg\" alt=\"\" class=\"wp-image-800 alignnone size-full\" width=\"4128\" height=\"3096\"><\/a><\/p>\n<p><a href=\"https:\/\/localhost\/rinner\/wp-content\/uploads\/2017\/07\/20170720_144306.jpg\" rel=\"lightbox[775]\"><img loading=\"lazy\" decoding=\"async\" src=\"https:\/\/localhost\/rinner\/wp-content\/uploads\/2017\/07\/20170720_144306.jpg\" alt=\"\" class=\"wp-image-801 alignnone size-full\" width=\"4128\" height=\"3096\"><\/a><\/p>\n<p><a href=\"https:\/\/localhost\/rinner\/wp-content\/uploads\/2017\/07\/20170720_144842.jpg\" rel=\"lightbox[775]\"><img loading=\"lazy\" decoding=\"async\" src=\"https:\/\/localhost\/rinner\/wp-content\/uploads\/2017\/07\/20170720_144842.jpg\" alt=\"\" class=\"wp-image-802 alignnone size-full\" width=\"4128\" height=\"3096\"><\/a><\/p>\n<p><a href=\"https:\/\/localhost\/rinner\/wp-content\/uploads\/2017\/07\/20170720_145533.jpg\" rel=\"lightbox[775]\"><img loading=\"lazy\" decoding=\"async\" src=\"https:\/\/localhost\/rinner\/wp-content\/uploads\/2017\/07\/20170720_145533.jpg\" alt=\"\" class=\"wp-image-803 alignnone size-full\" width=\"4128\" height=\"3096\"><\/a><\/p>\n<p><a href=\"https:\/\/localhost\/rinner\/wp-content\/uploads\/2017\/07\/20170720_162150.jpg\" rel=\"lightbox[775]\"><img loading=\"lazy\" decoding=\"async\" src=\"https:\/\/localhost\/rinner\/wp-content\/uploads\/2017\/07\/20170720_162150.jpg\" alt=\"\" class=\"wp-image-804 alignnone size-full\" width=\"4128\" height=\"3096\"><\/a>&#8230;und wieder heute:<\/p>\n<p><a href=\"https:\/\/localhost\/rinner\/wp-content\/uploads\/2017\/07\/20170721_083750.jpg\" rel=\"lightbox[775]\"><img loading=\"lazy\" decoding=\"async\" src=\"https:\/\/localhost\/rinner\/wp-content\/uploads\/2017\/07\/20170721_083750.jpg\" alt=\"\" class=\"wp-image-805 alignnone size-full\" width=\"4128\" height=\"3096\"><\/a><a href=\"https:\/\/localhost\/rinner\/wp-content\/uploads\/2017\/07\/20170721_083755.jpg\" rel=\"lightbox[775]\"><img loading=\"lazy\" decoding=\"async\" src=\"https:\/\/localhost\/rinner\/wp-content\/uploads\/2017\/07\/20170721_083755.jpg\" alt=\"\" class=\"wp-image-806 alignnone size-full\" width=\"4128\" height=\"3096\"><\/a><\/p>\n<p>Also Lofoten abgeradelt! Schnecken &#8211; naja, aber Zimt &#8211; da war gar nix!&nbsp;<\/p>\n<p>Bin jetzt auf den Vesteralen! Mal schauen wie&#8217;s da so ist. Vesteralen sin sehr sch\u00f6n aber mit den Lofoten halten sie nicht mit. Die Kulisse kennt man schon und die Berge sind weiter weg. Aber prinzipiell voll sch\u00f6n hier. Zum Radeln sowieso. Und da ist auch schon mein Problem: heute wie gestern zwar netter Gegenwind &#8211; den man in der Gegend und bei der Aussicht &#8211; gar nicht zur Kenntnis nimmt. Aber weil&#8217;s da zum Radeln so sch\u00f6n ist und ich dann auch noch gern radeln tu war ich um 17:30 schon auf meine 150 km. Also Pause und dann noch ein paar km bis zu einem \u00dcbernachtungspl\u00e4tzchen. Bin jetzt 166 km gefahren &#8211; heute war&#8217;s flach also nur 950 HM und die meisten davon auf gebogene Bogenbr\u00fccken rauf (heute war offizieller Bt\u00fcckentag) . Jetzt bin ich halt schon um 18:30 fertig. Mag nicht noch weiter fahren weil ich sonst so lang am Nordkapp herumsitzen muss. Morgen F\u00e4hre von Andenes nach Gryllefjord und dann geht&#8217;s weiter Richtung Troms\u00f6. F\u00e4hre 13 Uhr und ich hab noch 45 km bis Andesnes &#8211; das passt. Hab jetzt in der Zwischenzeit meine Reifen optimiert. Reservemantel (23 mm) vorne rauf und vorderer Mantel (25 mm) hinten rauf. Rad wieder okay! Zeit vergangen &#8211; alles bestens und gute Nacht!<\/p>\n<p><a href=\"https:\/\/localhost\/rinner\/wp-content\/uploads\/2017\/07\/20170721_141218.jpg\" rel=\"lightbox[775]\"><img loading=\"lazy\" decoding=\"async\" src=\"https:\/\/localhost\/rinner\/wp-content\/uploads\/2017\/07\/20170721_141218.jpg\" alt=\"\" class=\"wp-image-808 alignnone size-full\" width=\"4128\" height=\"3096\"><\/a><a href=\"https:\/\/localhost\/rinner\/wp-content\/uploads\/2017\/07\/20170721_145008.jpg\" rel=\"lightbox[775]\"><img loading=\"lazy\" decoding=\"async\" src=\"https:\/\/localhost\/rinner\/wp-content\/uploads\/2017\/07\/20170721_145008.jpg\" alt=\"\" class=\"wp-image-809 alignnone size-full\" width=\"4128\" height=\"3096\"><\/a>Und ja liebe Momo in Holand war ich auch &#8211; super recherchiert.<\/p>\n<p><a href=\"https:\/\/localhost\/rinner\/wp-content\/uploads\/2017\/07\/20170721_142221.jpg\" rel=\"lightbox[775]\"><img loading=\"lazy\" decoding=\"async\" src=\"https:\/\/localhost\/rinner\/wp-content\/uploads\/2017\/07\/20170721_142221.jpg\" alt=\"\" class=\"wp-image-810 alignnone size-full\" width=\"4128\" height=\"3096\"><\/a><a href=\"https:\/\/localhost\/rinner\/wp-content\/uploads\/2017\/07\/20170721_135027.jpg\" rel=\"lightbox[775]\"><img loading=\"lazy\" decoding=\"async\" src=\"https:\/\/localhost\/rinner\/wp-content\/uploads\/2017\/07\/20170721_135027.jpg\" alt=\"\" class=\"wp-image-811 alignnone size-full\" width=\"4128\" height=\"3096\"><\/a>Ja ja wieder eine hohe Br\u00fccke &#8211; auff\u00e4llig: nicht gekr\u00fcmmt.&nbsp;<\/p>\n<p><a href=\"https:\/\/localhost\/rinner\/wp-content\/uploads\/2017\/07\/20170721_180609.jpg\" rel=\"lightbox[775]\"><img loading=\"lazy\" decoding=\"async\" src=\"https:\/\/localhost\/rinner\/wp-content\/uploads\/2017\/07\/20170721_180609.jpg\" alt=\"\" class=\"wp-image-812 alignnone size-full\" width=\"2448\" height=\"3264\"><\/a><\/p>\n<p><a href=\"https:\/\/localhost\/rinner\/wp-content\/uploads\/2017\/07\/20170721_191913.jpg\" rel=\"lightbox[775]\"><img loading=\"lazy\" decoding=\"async\" src=\"https:\/\/localhost\/rinner\/wp-content\/uploads\/2017\/07\/20170721_191913.jpg\" alt=\"\" class=\"wp-image-813 alignnone size-full\" width=\"3264\" height=\"2448\"><\/a>Rad passt wieder. Hab den Mantel extra im \u00f6sterreichischen Fachhandel erworben und Conti schreibt von 5000 km Haltbarkeit. Ha! Nicht einmal 4000 km waren&#8217;s. Hab die Rechnung eh noch!<\/p>\n","protected":false},"excerpt":{"rendered":"<p>Guten Morgen!&nbsp; Ja also als freundlicher Radler gr\u00fc\u00df ich die anderen Radler nat\u00fcrlich &#8211; gr\u00fcssen eh alle zur\u00fcck, manch eifrige gr\u00fcssen sogar schon vor mir &#8211; gibt&#8217;s auch. Gr\u00fcssen tun alle! Ich halt meist mit: &#8222;Griass euch&#8220;, oder &#8222;griass di&#8220;, manchmal schlicht &#8222;servas&#8220;. An der Reaktion merkt man dann halt schon die Herkunft auch. Also [&hellip;]<\/p>\n","protected":false},"author":1,"featured_media":0,"comment_status":"open","ping_status":"open","sticky":false,"template":"","format":"standard","meta":{"_jetpack_memberships_contains_paid_content":false,"footnotes":""},"categories":[1],"tags":[],"class_list":["post-775","post","type-post","status-publish","format-standard","hentry","category-allgemein"],"jetpack_featured_media_url":"","jetpack_sharing_enabled":true,"_links":{"self":[{"href":"https:\/\/www.patschenpicker.com\/index.php?rest_route=\/wp\/v2\/posts\/775","targetHints":{"allow":["GET"]}}],"collection":[{"href":"https:\/\/www.patschenpicker.com\/index.php?rest_route=\/wp\/v2\/posts"}],"about":[{"href":"https:\/\/www.patschenpicker.com\/index.php?rest_route=\/wp\/v2\/types\/post"}],"author":[{"embeddable":true,"href":"https:\/\/www.patschenpicker.com\/index.php?rest_route=\/wp\/v2\/users\/1"}],"replies":[{"embeddable":true,"href":"https:\/\/www.patschenpicker.com\/index.php?rest_route=%2Fwp%2Fv2%2Fcomments&post=775"}],"version-history":[{"count":0,"href":"https:\/\/www.patschenpicker.com\/index.php?rest_route=\/wp\/v2\/posts\/775\/revisions"}],"wp:attachment":[{"href":"https:\/\/www.patschenpicker.com\/index.php?rest_route=%2Fwp%2Fv2%2Fmedia&parent=775"}],"wp:term":[{"taxonomy":"category","embeddable":true,"href":"https:\/\/www.patschenpicker.com\/index.php?rest_route=%2Fwp%2Fv2%2Fcategories&post=775"},{"taxonomy":"post_tag","embeddable":true,"href":"https:\/\/www.patschenpicker.com\/index.php?rest_route=%2Fwp%2Fv2%2Ftags&post=775"}],"curies":[{"name":"wp","href":"https:\/\/api.w.org\/{rel}","templated":true}]}}