{"id":821,"date":"2017-07-22T12:52:42","date_gmt":"2017-07-22T10:52:42","guid":{"rendered":"https:\/\/patschenpicker.wordpress.com\/2017\/07\/22\/samstag-und-tag-14-23\/"},"modified":"2017-07-22T12:52:42","modified_gmt":"2017-07-22T10:52:42","slug":"samstag-und-tag-14-23","status":"publish","type":"post","link":"https:\/\/www.patschenpicker.com\/?p=821","title":{"rendered":"Samstag und Tag 14 (23)"},"content":{"rendered":"<p>Das waren sie also die Lofoten und Vesteralen. Die wahrscheinlich letzten wirklichen Highlights der Tour. Die Vesteralen konnten landschaftlich mit den Lofoten leider nicht mithalten.<\/p>\n<p><a href=\"https:\/\/localhost\/rinner\/wp-content\/uploads\/2017\/07\/20170722_103204.jpg\" rel=\"lightbox[821]\"><img loading=\"lazy\" decoding=\"async\" src=\"https:\/\/localhost\/rinner\/wp-content\/uploads\/2017\/07\/20170722_103204.jpg\" alt=\"\" class=\"wp-image-818 alignnone size-full\" width=\"4128\" height=\"3096\"><\/a><a href=\"https:\/\/localhost\/rinner\/wp-content\/uploads\/2017\/07\/20170722_100407.jpg\" rel=\"lightbox[821]\"><img loading=\"lazy\" decoding=\"async\" src=\"https:\/\/localhost\/rinner\/wp-content\/uploads\/2017\/07\/20170722_100407.jpg\" alt=\"\" class=\"wp-image-819 alignnone size-full\" width=\"4128\" height=\"3096\"><\/a>Bei richtig strengem Gegenwind fuhr ich die 45 km zur F\u00e4hre. Jetzt geht&#8217;s dann Richtung Troms\u00f6.&nbsp;<\/p>\n<p><a href=\"https:\/\/localhost\/rinner\/wp-content\/uploads\/2017\/07\/20170721_124552.jpg\" rel=\"lightbox[821]\"><img loading=\"lazy\" decoding=\"async\" src=\"https:\/\/localhost\/rinner\/wp-content\/uploads\/2017\/07\/20170721_124552.jpg\" alt=\"\" class=\"wp-image-817 alignnone size-full\" width=\"4128\" height=\"3096\"><\/a><\/p>\n<p>Hab hier in Andenes leider keine neuen Pedalplatten f\u00fcr meine Schuhe bekommen. Troms\u00f6 werde ich morgen am Sonntag erreichen &#8211; da werde ich dann Pause machen um am Montag neue Pedalplatten zu kaufen, sodass ich wieder in die Clips komme. Ich fahr ja bergauf fast nur stehend und das ist momentan etwas ungut ohne Halt am Pedal.<\/p>\n<p>Ah! Die F\u00e4hre kommt.<\/p>\n<p><a href=\"https:\/\/localhost\/rinner\/wp-content\/uploads\/2017\/07\/20170722_123459.jpg\" rel=\"lightbox[821]\"><img loading=\"lazy\" decoding=\"async\" src=\"https:\/\/localhost\/rinner\/wp-content\/uploads\/2017\/07\/20170722_123459.jpg\" alt=\"\" class=\"wp-image-820 alignnone size-full\" width=\"4128\" height=\"3096\"><\/a>Na toll kein WLAN und kein Buffet. Ja was soll denn das? Gut dass ich gen\u00fcgend Verpflegung im Supermarkt gekauft habe. Obwohl ich mich schon auf einen Burger gefreut h\u00e4tte.<\/p>\n<p>Jetzt wartet sicher schon wieder der Gegenwind auf mich. Aber besser der als Regen! Obwohl die letzten 1000 km mit Gegenwind&#8230; \ud83d\ude23<\/p>\n<p>Also die F\u00e4hre legt auf der Insel Senja an&#8230;<\/p>\n<p><a href=\"https:\/\/localhost\/rinner\/wp-content\/uploads\/2017\/07\/20170722_142635.jpg\" rel=\"lightbox[821]\"><img loading=\"lazy\" decoding=\"async\" src=\"https:\/\/localhost\/rinner\/wp-content\/uploads\/2017\/07\/20170722_142635.jpg\" alt=\"\" class=\"wp-image-825 alignnone size-full\" width=\"4128\" height=\"3096\"><\/a><a href=\"https:\/\/localhost\/rinner\/wp-content\/uploads\/2017\/07\/20170722_142753.jpg\" rel=\"lightbox[821]\"><img loading=\"lazy\" decoding=\"async\" src=\"https:\/\/localhost\/rinner\/wp-content\/uploads\/2017\/07\/20170722_142753.jpg\" alt=\"\" class=\"wp-image-824 alignnone size-full\" width=\"3264\" height=\"2448\"><\/a>&#8230;und Sonne! \ud83d\ude0e<\/p>\n<p>Und dann kam die Insel Senja &#8211; die 2. gr\u00f6\u00dfte in Norwegen! F\u00fcr mich die positivste \u00dcberraschung der Tour. Nach Gegenwind und flach am Vormittag jetzt wieder bergig und ein Panorama:<\/p>\n<p>Radfahrer &nbsp;(links) trifft Schirchp\u00e4rchte.<\/p>\n<p><a href=\"https:\/\/localhost\/rinner\/wp-content\/uploads\/2017\/07\/20170722_154517.jpg\" rel=\"lightbox[821]\"><img loading=\"lazy\" decoding=\"async\" src=\"https:\/\/localhost\/rinner\/wp-content\/uploads\/2017\/07\/20170722_154517.jpg\" alt=\"\" class=\"wp-image-827 alignnone size-full\" width=\"3264\" height=\"2448\"><\/a><\/p>\n<p><a href=\"https:\/\/localhost\/rinner\/wp-content\/uploads\/2017\/07\/20170722_180151.jpg\" rel=\"lightbox[821]\"><img loading=\"lazy\" decoding=\"async\" src=\"https:\/\/localhost\/rinner\/wp-content\/uploads\/2017\/07\/20170722_180151.jpg\" alt=\"\" class=\"wp-image-842 alignnone size-full\" width=\"4128\" height=\"3096\"><\/a><br \/>\n<a href=\"https:\/\/localhost\/rinner\/wp-content\/uploads\/2017\/07\/20170722_174910.jpg\" rel=\"lightbox[821]\"><img loading=\"lazy\" decoding=\"async\" src=\"https:\/\/localhost\/rinner\/wp-content\/uploads\/2017\/07\/20170722_174910.jpg\" alt=\"\" class=\"wp-image-843 alignnone size-full\" width=\"4128\" height=\"3096\"><\/a><\/p>\n<p><a href=\"https:\/\/localhost\/rinner\/wp-content\/uploads\/2017\/07\/20170722_172100.jpg\" rel=\"lightbox[821]\"><img loading=\"lazy\" decoding=\"async\" src=\"https:\/\/localhost\/rinner\/wp-content\/uploads\/2017\/07\/20170722_172100.jpg\" alt=\"\" class=\"wp-image-844 alignnone size-full\" width=\"4128\" height=\"3096\"><\/a>Heute ist wieder Tunneltag gewesen. Ich &nbsp;glaub es waren 7 oder sogar 8. Aber hier ist alles anders. Es gibt Warnwesten f\u00fcr Radler zur freien Entnahme bei fast jedem Tunnel und ein Schild, dass sich ein Radler im Tunnel befindet. Man dr\u00fcckt und eine gelbe Lampe blinkt bei der Tunneleinfahrt sodass die Autofahrer gewarnt sind. Ist eh sehr wenig Verkehr und meist Tempo 60 oder 40 im Tunnel &#8211; also alles very safe!<br \/>\n<a href=\"https:\/\/localhost\/rinner\/wp-content\/uploads\/2017\/07\/20170722_180921.jpg\" rel=\"lightbox[821]\"><img loading=\"lazy\" decoding=\"async\" src=\"https:\/\/localhost\/rinner\/wp-content\/uploads\/2017\/07\/20170722_180921.jpg\" alt=\"\" class=\"wp-image-839 alignnone size-full\" width=\"3096\" height=\"4128\"><\/a>Hier ist mein Zelt gestanden!<\/p>\n<p><a href=\"https:\/\/localhost\/rinner\/wp-content\/uploads\/2017\/07\/20170723_0810090.jpg\" rel=\"lightbox[821]\"><img loading=\"lazy\" decoding=\"async\" src=\"https:\/\/localhost\/rinner\/wp-content\/uploads\/2017\/07\/20170723_0810090.jpg\" alt=\"\" class=\"wp-image-840 alignnone size-full\" width=\"4128\" height=\"3096\"><\/a>Bin heute wegen vieler, vieler Fotostopps auf 126 km und 1112 HM gekommen. Bin bei furchtbar netten Leuten in Botnhamn. Heute die letzte F\u00e4hre um 18 Uhr war nicht m\u00f6glich. Hab einen Schlafplatz gesucht und nix gefunden, dann hab ich bei einem Strandhaus die Leute gefragt ob ich heute mein Zelt auf der Wiese aufstellen darf &#8211; Ja aber nur wenn ich mit ihnen Shrimps esse und Wei\u00dfwein trinke. Hab mich \u00fcberreden lassen! Morgen beginne ich um 9:30 mit einer F\u00e4hrfahrt auf die Insel Kvaloya.<\/p>\n<p><a href=\"https:\/\/localhost\/rinner\/wp-content\/uploads\/2017\/07\/20170722_202553.jpg\" rel=\"lightbox[821]\"><img loading=\"lazy\" decoding=\"async\" src=\"https:\/\/localhost\/rinner\/wp-content\/uploads\/2017\/07\/20170722_202553.jpg\" alt=\"\" class=\"wp-image-841 alignnone size-full\" width=\"3264\" height=\"2448\"><\/a><\/p>\n","protected":false},"excerpt":{"rendered":"<p>Das waren sie also die Lofoten und Vesteralen. Die wahrscheinlich letzten wirklichen Highlights der Tour. Die Vesteralen konnten landschaftlich mit den Lofoten leider nicht mithalten. Bei richtig strengem Gegenwind fuhr ich die 45 km zur F\u00e4hre. Jetzt geht&#8217;s dann Richtung Troms\u00f6.&nbsp; Hab hier in Andenes leider keine neuen Pedalplatten f\u00fcr meine Schuhe bekommen. Troms\u00f6 werde [&hellip;]<\/p>\n","protected":false},"author":1,"featured_media":0,"comment_status":"open","ping_status":"open","sticky":false,"template":"","format":"standard","meta":{"_jetpack_memberships_contains_paid_content":false,"footnotes":""},"categories":[1],"tags":[],"class_list":["post-821","post","type-post","status-publish","format-standard","hentry","category-allgemein"],"jetpack_featured_media_url":"","jetpack_sharing_enabled":true,"_links":{"self":[{"href":"https:\/\/www.patschenpicker.com\/index.php?rest_route=\/wp\/v2\/posts\/821","targetHints":{"allow":["GET"]}}],"collection":[{"href":"https:\/\/www.patschenpicker.com\/index.php?rest_route=\/wp\/v2\/posts"}],"about":[{"href":"https:\/\/www.patschenpicker.com\/index.php?rest_route=\/wp\/v2\/types\/post"}],"author":[{"embeddable":true,"href":"https:\/\/www.patschenpicker.com\/index.php?rest_route=\/wp\/v2\/users\/1"}],"replies":[{"embeddable":true,"href":"https:\/\/www.patschenpicker.com\/index.php?rest_route=%2Fwp%2Fv2%2Fcomments&post=821"}],"version-history":[{"count":0,"href":"https:\/\/www.patschenpicker.com\/index.php?rest_route=\/wp\/v2\/posts\/821\/revisions"}],"wp:attachment":[{"href":"https:\/\/www.patschenpicker.com\/index.php?rest_route=%2Fwp%2Fv2%2Fmedia&parent=821"}],"wp:term":[{"taxonomy":"category","embeddable":true,"href":"https:\/\/www.patschenpicker.com\/index.php?rest_route=%2Fwp%2Fv2%2Fcategories&post=821"},{"taxonomy":"post_tag","embeddable":true,"href":"https:\/\/www.patschenpicker.com\/index.php?rest_route=%2Fwp%2Fv2%2Ftags&post=821"}],"curies":[{"name":"wp","href":"https:\/\/api.w.org\/{rel}","templated":true}]}}