{"id":830,"date":"2017-07-24T13:39:32","date_gmt":"2017-07-24T11:39:32","guid":{"rendered":"https:\/\/patschenpicker.wordpress.com\/2017\/07\/24\/montag-und-tag-16-25\/"},"modified":"2017-07-24T13:39:32","modified_gmt":"2017-07-24T11:39:32","slug":"montag-und-tag-16-25","status":"publish","type":"post","link":"https:\/\/www.patschenpicker.com\/?p=830","title":{"rendered":"Montag und Tag 16 (25)"},"content":{"rendered":"<p><a href=\"https:\/\/localhost\/rinner\/wp-content\/uploads\/2017\/07\/20170723_182609.jpg\" rel=\"lightbox[830]\"><img loading=\"lazy\" decoding=\"async\" src=\"https:\/\/localhost\/rinner\/wp-content\/uploads\/2017\/07\/20170723_182609.jpg\" alt=\"\" class=\"wp-image-846 alignnone size-full\" width=\"4128\" height=\"3096\"><\/a>Wow Alta ist schon angeschrieben. Jetzt ist es nicht mehr weit. Ich starte im Wissen, dass ich bei weiterhin 150 km am Tag am Donnerstag am Ziel, dem Nordkapp, bin. Mal schauen &#8211; soll recht ordentlich H\u00f6henmeter geben. Eigentlich hab ich Zeit. Aber eigentlich will ich ans Ziel. Also Donnerstag w\u00e4r doch toll! Obwohl Freitag ist auch nicht schlecht &#8211; dann h\u00e4tte ich es in 20 Tagen durch Norwegen geschafft. W\u00fcrde auch passen.&nbsp;<\/p>\n<p><a href=\"https:\/\/localhost\/rinner\/wp-content\/uploads\/2017\/07\/20170724_091737.jpg\" rel=\"lightbox[830]\"><img loading=\"lazy\" decoding=\"async\" src=\"https:\/\/localhost\/rinner\/wp-content\/uploads\/2017\/07\/20170724_091737.jpg\" alt=\"\" class=\"wp-image-847 alignnone size-full\" width=\"3096\" height=\"4128\"><\/a>Internet geht hier gar nicht. Bilder hochladen &#8211; unm\u00f6glich. Hier ist zwar WiFi &#8211; aber&#8230; Frage nicht. Am Campingplatz kannst nicht einmal telefonieren weil Funkloch. In Troms\u00f6 bei Burger King &#8211; WiFi ja &#8211; Bilder hochladen &#8211; nein. Mobile Daten &#8211; keine Chance. Keine Ahnung wann ich das ins Netz stellen kann.<\/p>\n<p><a href=\"https:\/\/localhost\/rinner\/wp-content\/uploads\/2017\/07\/20170724_103342.jpg\" rel=\"lightbox[830]\"><img loading=\"lazy\" decoding=\"async\" src=\"https:\/\/localhost\/rinner\/wp-content\/uploads\/2017\/07\/20170724_103342.jpg\" alt=\"\" class=\"wp-image-848 alignnone size-full\" width=\"4128\" height=\"3096\"><\/a>Irgendwie bin ich schneller als die anderen Radler unterwegs, aber f\u00fcr mich passen die Tagesetappen gut, erst recht seit ich verk\u00fcrzt habe &#8211; hab ja Dank der ersten paar Tage einen Vorsprung auf die durchschnittlich geplanten 165 km. Da ist genug Zeit f\u00fcr gem\u00fctliche Pausen. &nbsp;Und ich fahr doch noch immer so gerne mit dem Rad durch&#8217;s Land &#8211; speziell durch dieses. Echt super hier.&nbsp;<\/p>\n<p>Super Strasse:<\/p>\n<p><a href=\"https:\/\/localhost\/rinner\/wp-content\/uploads\/2017\/07\/20170724_113108.jpg\" rel=\"lightbox[830]\"><img loading=\"lazy\" decoding=\"async\" src=\"https:\/\/localhost\/rinner\/wp-content\/uploads\/2017\/07\/20170724_113108.jpg\" alt=\"\" class=\"wp-image-849 alignnone size-full\" width=\"4128\" height=\"3096\"><\/a>&#8230;und bald seh ich euch wieder liebe Kids und Susi! Ich kanns fast nicht mehr erwarten. Ja genau heute in einer Woche macht ihr euch auf den Weg&#8230;<\/p>\n<p><a href=\"https:\/\/localhost\/rinner\/wp-content\/uploads\/2017\/07\/20170724_114831.jpg\" rel=\"lightbox[830]\"><img loading=\"lazy\" decoding=\"async\" src=\"https:\/\/localhost\/rinner\/wp-content\/uploads\/2017\/07\/20170724_114831.jpg\" alt=\"\" class=\"wp-image-851 alignnone size-full\" width=\"3096\" height=\"4128\"><\/a><\/p>\n<p><a href=\"https:\/\/localhost\/rinner\/wp-content\/uploads\/2017\/07\/20170724_133806.jpg\" rel=\"lightbox[830]\"><img loading=\"lazy\" decoding=\"async\" src=\"https:\/\/localhost\/rinner\/wp-content\/uploads\/2017\/07\/20170724_133806.jpg\" alt=\"\" class=\"wp-image-850 alignnone size-full\" width=\"3264\" height=\"2448\"><\/a>Morgen komm ich nach Alta &#8211; vielleicht kann ich da Bilder nachliefern. Ist sch\u00f6n hier in der Finnmark. Und Mobile Daten funktioniert auch ab und zu.<\/p>\n<p>K\u00e4mpfe gerade mit den Gelsen &#8211; heute das erstemal eine Plage! Und zwar so dass ich im Zelt sitze und mein Essen koche. Die Biester sind so was von aggressiv.&nbsp;<\/p>\n<p><a href=\"https:\/\/localhost\/rinner\/wp-content\/uploads\/2017\/07\/20170724_131320.jpg\" rel=\"lightbox[830]\"><img loading=\"lazy\" decoding=\"async\" src=\"https:\/\/localhost\/rinner\/wp-content\/uploads\/2017\/07\/20170724_131320.jpg\" alt=\"\" class=\"wp-image-858 alignnone size-full\" width=\"4128\" height=\"3096\"><\/a><a href=\"https:\/\/localhost\/rinner\/wp-content\/uploads\/2017\/07\/20170724_141835.jpg\" rel=\"lightbox[830]\"><img loading=\"lazy\" decoding=\"async\" src=\"https:\/\/localhost\/rinner\/wp-content\/uploads\/2017\/07\/20170724_141835.jpg\" alt=\"\" class=\"wp-image-854 alignnone size-full\" width=\"4128\" height=\"3096\"><\/a><br \/>\n<a href=\"https:\/\/localhost\/rinner\/wp-content\/uploads\/2017\/07\/20170724_175553.jpg\" rel=\"lightbox[830]\"><img loading=\"lazy\" decoding=\"async\" src=\"https:\/\/localhost\/rinner\/wp-content\/uploads\/2017\/07\/20170724_175553.jpg\" alt=\"\" class=\"wp-image-855 alignnone size-full\" width=\"2448\" height=\"3264\"><\/a>400 Meter k\u00f6nnen auch was sein wenn man bei 0 beginnt.<\/p>\n<p><a href=\"https:\/\/localhost\/rinner\/wp-content\/uploads\/2017\/07\/20170724_181454.jpg\" rel=\"lightbox[830]\"><img loading=\"lazy\" decoding=\"async\" src=\"https:\/\/localhost\/rinner\/wp-content\/uploads\/2017\/07\/20170724_181454.jpg\" alt=\"\" class=\"wp-image-856 alignnone size-full\" width=\"4128\" height=\"3096\"><\/a>Erlebnis von heute Nachmittag: Auto \u00fcberholt mich &#8211; wird langsam, Beifahrerscheibe \u00f6ffnet sich schwedisches Kennzeichen &nbsp;&#8211; ich fahre daneben &#8211; Stimme aus dem Auto: Hey bicycle-man from Austria Hello! War&#8217;s ein schwedisches Paar das sich beim Warten auf die F\u00e4hre von Andenes (Vesteralen) nach Senja mit mir unterhalten hat. Voll cool die Begenung jetzt auf der Strasse.&nbsp;<\/p>\n<p>Ja \u00f6fters bin ich als Radler eine Attraktion und oft muss ich woher wohin welcher Weg &nbsp;usw erz\u00e4hlen. Wenn ich von Geiranger und Trollstigen erz\u00e4hle holen die Norweger meist das Handy zum Fotografieren. Ja Trollstigen mit dem Rad k\u00f6nnen Sie dann fast ned glauben.<\/p>\n<p><a href=\"https:\/\/localhost\/rinner\/wp-content\/uploads\/2017\/07\/20170724_202238.jpg\" rel=\"lightbox[830]\"><img loading=\"lazy\" decoding=\"async\" src=\"https:\/\/localhost\/rinner\/wp-content\/uploads\/2017\/07\/20170724_202238.jpg\" alt=\"\" class=\"wp-image-857 alignnone size-full\" width=\"4128\" height=\"3096\"><\/a>Ja! Ich hab&#8217;s noch drauf &#8211; heute 203 km bei 1810 HM gemacht. Wird wohl der letzte 200er sein &#8211; sonst wird die Tour noch anstrengend. Und: Donnerstag ist Gipfeltag! Da geht&#8217;s fix ans Nordkapp!!!<\/p>\n","protected":false},"excerpt":{"rendered":"<p>Wow Alta ist schon angeschrieben. Jetzt ist es nicht mehr weit. Ich starte im Wissen, dass ich bei weiterhin 150 km am Tag am Donnerstag am Ziel, dem Nordkapp, bin. Mal schauen &#8211; soll recht ordentlich H\u00f6henmeter geben. Eigentlich hab ich Zeit. Aber eigentlich will ich ans Ziel. Also Donnerstag w\u00e4r doch toll! Obwohl Freitag [&hellip;]<\/p>\n","protected":false},"author":1,"featured_media":0,"comment_status":"open","ping_status":"open","sticky":false,"template":"","format":"standard","meta":{"_jetpack_memberships_contains_paid_content":false,"footnotes":""},"categories":[1],"tags":[],"class_list":["post-830","post","type-post","status-publish","format-standard","hentry","category-allgemein"],"jetpack_featured_media_url":"","jetpack_sharing_enabled":true,"_links":{"self":[{"href":"https:\/\/www.patschenpicker.com\/index.php?rest_route=\/wp\/v2\/posts\/830","targetHints":{"allow":["GET"]}}],"collection":[{"href":"https:\/\/www.patschenpicker.com\/index.php?rest_route=\/wp\/v2\/posts"}],"about":[{"href":"https:\/\/www.patschenpicker.com\/index.php?rest_route=\/wp\/v2\/types\/post"}],"author":[{"embeddable":true,"href":"https:\/\/www.patschenpicker.com\/index.php?rest_route=\/wp\/v2\/users\/1"}],"replies":[{"embeddable":true,"href":"https:\/\/www.patschenpicker.com\/index.php?rest_route=%2Fwp%2Fv2%2Fcomments&post=830"}],"version-history":[{"count":0,"href":"https:\/\/www.patschenpicker.com\/index.php?rest_route=\/wp\/v2\/posts\/830\/revisions"}],"wp:attachment":[{"href":"https:\/\/www.patschenpicker.com\/index.php?rest_route=%2Fwp%2Fv2%2Fmedia&parent=830"}],"wp:term":[{"taxonomy":"category","embeddable":true,"href":"https:\/\/www.patschenpicker.com\/index.php?rest_route=%2Fwp%2Fv2%2Fcategories&post=830"},{"taxonomy":"post_tag","embeddable":true,"href":"https:\/\/www.patschenpicker.com\/index.php?rest_route=%2Fwp%2Fv2%2Ftags&post=830"}],"curies":[{"name":"wp","href":"https:\/\/api.w.org\/{rel}","templated":true}]}}